{"id":576,"date":"2020-03-20T10:49:04","date_gmt":"2020-03-20T10:49:04","guid":{"rendered":"http:\/\/www.matthijsvanboxsel.nl\/?p=576"},"modified":"2021-05-10T19:37:13","modified_gmt":"2021-05-10T19:37:13","slug":"vader-zoon-en-de-heilige-ezel","status":"publish","type":"post","link":"https:\/\/www.matthijsvanboxsel.nl\/?p=576","title":{"rendered":"Vader, zoon en de heilige ezel"},"content":{"rendered":"\n<p>Uit: De Topografie van de Domheid<\/p>\n\n\n\n<h1 class=\"wp-block-heading\">Excursie: Vader, zoon en de heilige ezel<\/h1>\n\n\n\n<p>Een boer en zijn zoon lopen met hun ezel naar de markt. Een passerende boer roept: \u2018Dwazen, een ezel dient om erop te rijden.\u2019 Als de vader op de ezel zit, verwijt een omstander hem dat het wreed is zijn zoon te laten lopen. Als de zoon zijn plaats inneemt, menen voorbijgangers dat het kind geen respect toont voor de vader. Als vader en zoon beiden op de ezel zitten worden ze beschuldigd van dierenmishandeling. Vervolgens dragen ze getwee\u00ebn de ezel over de weg. De spot is nu algemeen. Op een brug glijden ze uit en verdrinkt de ezel in de rivier. In een variant slaan ze de ezel dood.<\/p>\n\n\n\n<figure class=\"wp-block-image size-large\"><img loading=\"lazy\" decoding=\"async\" width=\"1024\" height=\"419\" src=\"http:\/\/www.matthijsvanboxsel.nl\/wp-content\/uploads\/2020\/03\/ezellast.1-1024x419.jpeg\" alt=\"\" class=\"wp-image-580\" srcset=\"https:\/\/www.matthijsvanboxsel.nl\/wp-content\/uploads\/2020\/03\/ezellast.1-1024x419.jpeg 1024w, https:\/\/www.matthijsvanboxsel.nl\/wp-content\/uploads\/2020\/03\/ezellast.1-300x123.jpeg 300w, https:\/\/www.matthijsvanboxsel.nl\/wp-content\/uploads\/2020\/03\/ezellast.1-768x314.jpeg 768w, https:\/\/www.matthijsvanboxsel.nl\/wp-content\/uploads\/2020\/03\/ezellast.1.jpeg 1387w\" sizes=\"auto, (max-width: 1024px) 100vw, 1024px\" \/><\/figure>\n\n\n\n<p>Bij Hans Sachs zijn de critici gespecificeerd: een soldaat, een oude vrouw, een boer, bedelaar, edelman en jager. Alle standen reageren anders op de kwestie. De ezel materialiseert de sluimerende sociale tweespalt. (Afbeelding Corn. Anthonisz)<\/p>\n\n\n\n<figure class=\"wp-block-image size-large\"><img loading=\"lazy\" decoding=\"async\" width=\"1024\" height=\"417\" src=\"http:\/\/www.matthijsvanboxsel.nl\/wp-content\/uploads\/2020\/03\/ezellast.2-1024x417.jpeg\" alt=\"\" class=\"wp-image-581\" srcset=\"https:\/\/www.matthijsvanboxsel.nl\/wp-content\/uploads\/2020\/03\/ezellast.2-1024x417.jpeg 1024w, https:\/\/www.matthijsvanboxsel.nl\/wp-content\/uploads\/2020\/03\/ezellast.2-300x122.jpeg 300w, https:\/\/www.matthijsvanboxsel.nl\/wp-content\/uploads\/2020\/03\/ezellast.2-768x312.jpeg 768w, https:\/\/www.matthijsvanboxsel.nl\/wp-content\/uploads\/2020\/03\/ezellast.2.jpeg 1389w\" sizes=\"auto, (max-width: 1024px) 100vw, 1024px\" \/><\/figure>\n\n\n\n<p>&nbsp;<\/p>\n\n\n\n<p>Hodja Nasreddin zegt tegen zijn zoon: \u2018Als jij ooit in het bezit komt van een ezel, trim zijn staart dan nooit in de aanwezigheid van anderen. Sommigen zullen zeggen dat je er teveel afsnijdt, anderen te weinig. Als je iedereen wilt behagen eindig je ermee dat de ezel uiteindelijk geen staart meer heeft.&#8217;<\/p>\n\n\n\n<p>De oudst bekende versie van het verhaal staat in een bundel van Ibn Said (1212-1286) uit Andalusi\u00eb, onder het motto: \u2018Behaag iedereen en je zult niemand behagen.\u2019 Of zoals Jean de La fontaine het zegt: \u2018Je kunt niet iedereen behagen en ook nog je broer\u2019. Streef je doel na, ongeacht kritiek of applaus. Een allemansvriend is iemand die met alle winden meewaait, een draaikont, een twijfelaar.&nbsp;Allemansvriend is allemansgek. (Afb. Erhard Sch\u00f6n)<\/p>\n\n\n\n<figure class=\"wp-block-image size-large\"><img loading=\"lazy\" decoding=\"async\" width=\"1024\" height=\"490\" src=\"http:\/\/www.matthijsvanboxsel.nl\/wp-content\/uploads\/2020\/03\/Sch\u00f6n.D1018DE8-0A6B-4589-A748-D8CA9D777040_1_201_a-1-1024x490.jpeg\" alt=\"\" class=\"wp-image-586\" srcset=\"https:\/\/www.matthijsvanboxsel.nl\/wp-content\/uploads\/2020\/03\/Sch\u00f6n.D1018DE8-0A6B-4589-A748-D8CA9D777040_1_201_a-1-1024x490.jpeg 1024w, https:\/\/www.matthijsvanboxsel.nl\/wp-content\/uploads\/2020\/03\/Sch\u00f6n.D1018DE8-0A6B-4589-A748-D8CA9D777040_1_201_a-1-300x144.jpeg 300w, https:\/\/www.matthijsvanboxsel.nl\/wp-content\/uploads\/2020\/03\/Sch\u00f6n.D1018DE8-0A6B-4589-A748-D8CA9D777040_1_201_a-1-768x367.jpeg 768w, https:\/\/www.matthijsvanboxsel.nl\/wp-content\/uploads\/2020\/03\/Sch\u00f6n.D1018DE8-0A6B-4589-A748-D8CA9D777040_1_201_a-1-1536x735.jpeg 1536w, https:\/\/www.matthijsvanboxsel.nl\/wp-content\/uploads\/2020\/03\/Sch\u00f6n.D1018DE8-0A6B-4589-A748-D8CA9D777040_1_201_a-1.jpeg 1687w\" sizes=\"auto, (max-width: 1024px) 100vw, 1024px\" \/><\/figure>\n\n\n\n<p>Volgens de Van Dale is een \u2018allemansvriend\u2019 een mens of dier zonder vijanden. In de keuken is een aubergine een allemansvriend, omdat hij bij ieder gerecht valt te serveren. De term wordt ook gebruikt voor bruggenbouwers, mensen die alle standpunten respecteren in hun besluit.&nbsp;<\/p>\n\n\n\n<p>Maar hier duikt al een grens op: want hoe zit het met mensen die geen bruggen willen en die allemansvrienden niet lusten? Hoe zit het bovendien met het geprivilegieerde standpunt van waaruit je iedereen kunt omhelzen? Wie iedereen te vriend wil houden, zal door niemand worden gerespecteerd. Zoals het spreekwoord wil: Goed is goed, maar al te goed is allemans zot. (\u2018G\u00f6d is g\u00f6d, mar alt\u00f6g\u00f6d is Allermanns Narr.\u2019) Of: Al te goed is buurmans gek. Zo staat de allemansvriend alleen.<\/p>\n\n\n\n<p>Opnieuw moeten we de zaak omkeren: juist als allemansgek is hij een allemansvriend. De allemansvriend is niet degene die alle tegengestelde partijen overkoepelt, de heterogene vijanden vinden elkaar in hun collectieve bespotting van de allemansnar.<\/p>\n\n\n\n<figure class=\"wp-block-image size-large\"><img loading=\"lazy\" decoding=\"async\" width=\"439\" height=\"585\" src=\"http:\/\/www.matthijsvanboxsel.nl\/wp-content\/uploads\/2020\/03\/Ezeldrager.jpg\" alt=\"\" class=\"wp-image-579\" srcset=\"https:\/\/www.matthijsvanboxsel.nl\/wp-content\/uploads\/2020\/03\/Ezeldrager.jpg 439w, https:\/\/www.matthijsvanboxsel.nl\/wp-content\/uploads\/2020\/03\/Ezeldrager-225x300.jpg 225w\" sizes=\"auto, (max-width: 439px) 100vw, 439px\" \/><figcaption>beeld in Gouda van Richard Broekhuijzen<\/figcaption><\/figure>\n\n\n\n<p>PS: Soms is het aan te raden een ezel te dragen, zo mag blijken uit een foto uit de Tweede Wereldoorlog. Een soldaat draagt een ezel door een mijnenveld om te voorkomen dat het dier op een mijn stapt met de dood van alle soldaten tot gevolg. Maar nee, dat is een fabeltje. De foto dateert van 1958, tijdens de Algerijnse onafhankelijkheidsstrijd tegen Frankrijk. De stervende ezel werd gered door een lid van het Vreemdelingenlegioen, opgeknapt op de basis en als mascotte van de 13e brigade geadopteerd onder de naam \u2018Bambi\u2019. Het Legioen kreeg een medaille van de Amerikaanse Vereniging voor het Voorkomen van Geweld tegen Dieren. De ezel was dol op bier.<\/p>\n\n\n\n<figure class=\"wp-block-image size-large\"><img loading=\"lazy\" decoding=\"async\" width=\"946\" height=\"485\" src=\"http:\/\/www.matthijsvanboxsel.nl\/wp-content\/uploads\/2020\/04\/1944.b.circa_.ezeldragen.oorlog-kopie.jpg\" alt=\"\" class=\"wp-image-623\" srcset=\"https:\/\/www.matthijsvanboxsel.nl\/wp-content\/uploads\/2020\/04\/1944.b.circa_.ezeldragen.oorlog-kopie.jpg 946w, https:\/\/www.matthijsvanboxsel.nl\/wp-content\/uploads\/2020\/04\/1944.b.circa_.ezeldragen.oorlog-kopie-300x154.jpg 300w, https:\/\/www.matthijsvanboxsel.nl\/wp-content\/uploads\/2020\/04\/1944.b.circa_.ezeldragen.oorlog-kopie-768x394.jpg 768w\" sizes=\"auto, (max-width: 946px) 100vw, 946px\" \/><\/figure>\n\n\n\n<p>www.MatthijsvanBoxsel.nl<\/p>\n","protected":false},"excerpt":{"rendered":"<p>Uit: De Topografie van de Domheid Excursie: Vader, zoon en de heilige ezel Een boer en zijn zoon lopen met hun ezel naar de markt. Een passerende boer roept: \u2018Dwazen, een ezel dient om erop te rijden.\u2019 Als de vader op de ezel zit, verwijt een omstander hem dat het wreed is zijn zoon te [&hellip;]<\/p>\n","protected":false},"author":1,"featured_media":0,"comment_status":"closed","ping_status":"closed","sticky":false,"template":"","format":"standard","meta":{"footnotes":""},"categories":[1],"tags":[],"class_list":["post-576","post","type-post","status-publish","format-standard","hentry","category-uncategorized"],"yoast_head":"<!-- This site is optimized with the Yoast SEO plugin v27.4 - https:\/\/yoast.com\/product\/yoast-seo-wordpress\/ -->\n<title>Vader, zoon en de heilige ezel - De Encyclopedie van de Domheid<\/title>\n<meta name=\"robots\" content=\"index, follow, max-snippet:-1, max-image-preview:large, max-video-preview:-1\" \/>\n<link rel=\"canonical\" href=\"https:\/\/www.matthijsvanboxsel.nl\/?p=576\" \/>\n<meta property=\"og:locale\" content=\"nl_NL\" \/>\n<meta property=\"og:type\" content=\"article\" \/>\n<meta property=\"og:title\" content=\"Vader, zoon en de heilige ezel - De Encyclopedie van de Domheid\" \/>\n<meta property=\"og:description\" content=\"Uit: De Topografie van de Domheid Excursie: Vader, zoon en de heilige ezel Een boer en zijn zoon lopen met hun ezel naar de markt. Een passerende boer roept: \u2018Dwazen, een ezel dient om erop te rijden.\u2019 Als de vader op de ezel zit, verwijt een omstander hem dat het wreed is zijn zoon te [&hellip;]\" \/>\n<meta property=\"og:url\" content=\"https:\/\/www.matthijsvanboxsel.nl\/?p=576\" \/>\n<meta property=\"og:site_name\" content=\"De Encyclopedie van de Domheid\" \/>\n<meta property=\"article:publisher\" content=\"http:\/\/facebook.com\/mvanboxsel\" \/>\n<meta property=\"article:published_time\" content=\"2020-03-20T10:49:04+00:00\" \/>\n<meta property=\"article:modified_time\" content=\"2021-05-10T19:37:13+00:00\" \/>\n<meta property=\"og:image\" content=\"http:\/\/www.matthijsvanboxsel.nl\/wp-content\/uploads\/2020\/03\/ezellast.1-1024x419.jpeg\" \/>\n<meta name=\"author\" content=\"admin\" \/>\n<meta name=\"twitter:card\" content=\"summary_large_image\" \/>\n<meta name=\"twitter:label1\" content=\"Geschreven door\" \/>\n\t<meta name=\"twitter:data1\" content=\"admin\" \/>\n\t<meta name=\"twitter:label2\" content=\"Geschatte leestijd\" \/>\n\t<meta name=\"twitter:data2\" content=\"4 minuten\" \/>\n<script type=\"application\/ld+json\" class=\"yoast-schema-graph\">{\"@context\":\"https:\\\/\\\/schema.org\",\"@graph\":[{\"@type\":\"Article\",\"@id\":\"https:\\\/\\\/www.matthijsvanboxsel.nl\\\/?p=576#article\",\"isPartOf\":{\"@id\":\"https:\\\/\\\/www.matthijsvanboxsel.nl\\\/?p=576\"},\"author\":{\"name\":\"admin\",\"@id\":\"https:\\\/\\\/www.matthijsvanboxsel.nl\\\/#\\\/schema\\\/person\\\/76b6318f25c2fe6f85262d9c75133096\"},\"headline\":\"Vader, zoon en de heilige ezel\",\"datePublished\":\"2020-03-20T10:49:04+00:00\",\"dateModified\":\"2021-05-10T19:37:13+00:00\",\"mainEntityOfPage\":{\"@id\":\"https:\\\/\\\/www.matthijsvanboxsel.nl\\\/?p=576\"},\"wordCount\":579,\"image\":{\"@id\":\"https:\\\/\\\/www.matthijsvanboxsel.nl\\\/?p=576#primaryimage\"},\"thumbnailUrl\":\"http:\\\/\\\/www.matthijsvanboxsel.nl\\\/wp-content\\\/uploads\\\/2020\\\/03\\\/ezellast.1-1024x419.jpeg\",\"articleSection\":[\"Uncategorized\"],\"inLanguage\":\"nl-NL\"},{\"@type\":\"WebPage\",\"@id\":\"https:\\\/\\\/www.matthijsvanboxsel.nl\\\/?p=576\",\"url\":\"https:\\\/\\\/www.matthijsvanboxsel.nl\\\/?p=576\",\"name\":\"Vader, zoon en de heilige ezel - De Encyclopedie van de Domheid\",\"isPartOf\":{\"@id\":\"https:\\\/\\\/www.matthijsvanboxsel.nl\\\/#website\"},\"primaryImageOfPage\":{\"@id\":\"https:\\\/\\\/www.matthijsvanboxsel.nl\\\/?p=576#primaryimage\"},\"image\":{\"@id\":\"https:\\\/\\\/www.matthijsvanboxsel.nl\\\/?p=576#primaryimage\"},\"thumbnailUrl\":\"http:\\\/\\\/www.matthijsvanboxsel.nl\\\/wp-content\\\/uploads\\\/2020\\\/03\\\/ezellast.1-1024x419.jpeg\",\"datePublished\":\"2020-03-20T10:49:04+00:00\",\"dateModified\":\"2021-05-10T19:37:13+00:00\",\"author\":{\"@id\":\"https:\\\/\\\/www.matthijsvanboxsel.nl\\\/#\\\/schema\\\/person\\\/76b6318f25c2fe6f85262d9c75133096\"},\"breadcrumb\":{\"@id\":\"https:\\\/\\\/www.matthijsvanboxsel.nl\\\/?p=576#breadcrumb\"},\"inLanguage\":\"nl-NL\",\"potentialAction\":[{\"@type\":\"ReadAction\",\"target\":[\"https:\\\/\\\/www.matthijsvanboxsel.nl\\\/?p=576\"]}]},{\"@type\":\"ImageObject\",\"inLanguage\":\"nl-NL\",\"@id\":\"https:\\\/\\\/www.matthijsvanboxsel.nl\\\/?p=576#primaryimage\",\"url\":\"http:\\\/\\\/www.matthijsvanboxsel.nl\\\/wp-content\\\/uploads\\\/2020\\\/03\\\/ezellast.1-1024x419.jpeg\",\"contentUrl\":\"http:\\\/\\\/www.matthijsvanboxsel.nl\\\/wp-content\\\/uploads\\\/2020\\\/03\\\/ezellast.1-1024x419.jpeg\"},{\"@type\":\"BreadcrumbList\",\"@id\":\"https:\\\/\\\/www.matthijsvanboxsel.nl\\\/?p=576#breadcrumb\",\"itemListElement\":[{\"@type\":\"ListItem\",\"position\":1,\"name\":\"Home\",\"item\":\"https:\\\/\\\/www.matthijsvanboxsel.nl\\\/\"},{\"@type\":\"ListItem\",\"position\":2,\"name\":\"Vader, zoon en de heilige ezel\"}]},{\"@type\":\"WebSite\",\"@id\":\"https:\\\/\\\/www.matthijsvanboxsel.nl\\\/#website\",\"url\":\"https:\\\/\\\/www.matthijsvanboxsel.nl\\\/\",\"name\":\"De Encyclopedie van de Domheid\",\"description\":\"Matthijs van Boxsel domheid &#039;Patafysica\",\"potentialAction\":[{\"@type\":\"SearchAction\",\"target\":{\"@type\":\"EntryPoint\",\"urlTemplate\":\"https:\\\/\\\/www.matthijsvanboxsel.nl\\\/?s={search_term_string}\"},\"query-input\":{\"@type\":\"PropertyValueSpecification\",\"valueRequired\":true,\"valueName\":\"search_term_string\"}}],\"inLanguage\":\"nl-NL\"},{\"@type\":\"Person\",\"@id\":\"https:\\\/\\\/www.matthijsvanboxsel.nl\\\/#\\\/schema\\\/person\\\/76b6318f25c2fe6f85262d9c75133096\",\"name\":\"admin\",\"image\":{\"@type\":\"ImageObject\",\"inLanguage\":\"nl-NL\",\"@id\":\"https:\\\/\\\/secure.gravatar.com\\\/avatar\\\/bda9128f17d34291925292264aa9d9fe70657975e05a41a33f5ab088f406d3c3?s=96&d=mm&r=g\",\"url\":\"https:\\\/\\\/secure.gravatar.com\\\/avatar\\\/bda9128f17d34291925292264aa9d9fe70657975e05a41a33f5ab088f406d3c3?s=96&d=mm&r=g\",\"contentUrl\":\"https:\\\/\\\/secure.gravatar.com\\\/avatar\\\/bda9128f17d34291925292264aa9d9fe70657975e05a41a33f5ab088f406d3c3?s=96&d=mm&r=g\",\"caption\":\"admin\"},\"url\":\"https:\\\/\\\/www.matthijsvanboxsel.nl\\\/?author=1\"}]}<\/script>\n<!-- \/ Yoast SEO plugin. -->","yoast_head_json":{"title":"Vader, zoon en de heilige ezel - De Encyclopedie van de Domheid","robots":{"index":"index","follow":"follow","max-snippet":"max-snippet:-1","max-image-preview":"max-image-preview:large","max-video-preview":"max-video-preview:-1"},"canonical":"https:\/\/www.matthijsvanboxsel.nl\/?p=576","og_locale":"nl_NL","og_type":"article","og_title":"Vader, zoon en de heilige ezel - De Encyclopedie van de Domheid","og_description":"Uit: De Topografie van de Domheid Excursie: Vader, zoon en de heilige ezel Een boer en zijn zoon lopen met hun ezel naar de markt. Een passerende boer roept: \u2018Dwazen, een ezel dient om erop te rijden.\u2019 Als de vader op de ezel zit, verwijt een omstander hem dat het wreed is zijn zoon te [&hellip;]","og_url":"https:\/\/www.matthijsvanboxsel.nl\/?p=576","og_site_name":"De Encyclopedie van de Domheid","article_publisher":"http:\/\/facebook.com\/mvanboxsel","article_published_time":"2020-03-20T10:49:04+00:00","article_modified_time":"2021-05-10T19:37:13+00:00","og_image":[{"url":"http:\/\/www.matthijsvanboxsel.nl\/wp-content\/uploads\/2020\/03\/ezellast.1-1024x419.jpeg","type":"","width":"","height":""}],"author":"admin","twitter_card":"summary_large_image","twitter_misc":{"Geschreven door":"admin","Geschatte leestijd":"4 minuten"},"schema":{"@context":"https:\/\/schema.org","@graph":[{"@type":"Article","@id":"https:\/\/www.matthijsvanboxsel.nl\/?p=576#article","isPartOf":{"@id":"https:\/\/www.matthijsvanboxsel.nl\/?p=576"},"author":{"name":"admin","@id":"https:\/\/www.matthijsvanboxsel.nl\/#\/schema\/person\/76b6318f25c2fe6f85262d9c75133096"},"headline":"Vader, zoon en de heilige ezel","datePublished":"2020-03-20T10:49:04+00:00","dateModified":"2021-05-10T19:37:13+00:00","mainEntityOfPage":{"@id":"https:\/\/www.matthijsvanboxsel.nl\/?p=576"},"wordCount":579,"image":{"@id":"https:\/\/www.matthijsvanboxsel.nl\/?p=576#primaryimage"},"thumbnailUrl":"http:\/\/www.matthijsvanboxsel.nl\/wp-content\/uploads\/2020\/03\/ezellast.1-1024x419.jpeg","articleSection":["Uncategorized"],"inLanguage":"nl-NL"},{"@type":"WebPage","@id":"https:\/\/www.matthijsvanboxsel.nl\/?p=576","url":"https:\/\/www.matthijsvanboxsel.nl\/?p=576","name":"Vader, zoon en de heilige ezel - De Encyclopedie van de Domheid","isPartOf":{"@id":"https:\/\/www.matthijsvanboxsel.nl\/#website"},"primaryImageOfPage":{"@id":"https:\/\/www.matthijsvanboxsel.nl\/?p=576#primaryimage"},"image":{"@id":"https:\/\/www.matthijsvanboxsel.nl\/?p=576#primaryimage"},"thumbnailUrl":"http:\/\/www.matthijsvanboxsel.nl\/wp-content\/uploads\/2020\/03\/ezellast.1-1024x419.jpeg","datePublished":"2020-03-20T10:49:04+00:00","dateModified":"2021-05-10T19:37:13+00:00","author":{"@id":"https:\/\/www.matthijsvanboxsel.nl\/#\/schema\/person\/76b6318f25c2fe6f85262d9c75133096"},"breadcrumb":{"@id":"https:\/\/www.matthijsvanboxsel.nl\/?p=576#breadcrumb"},"inLanguage":"nl-NL","potentialAction":[{"@type":"ReadAction","target":["https:\/\/www.matthijsvanboxsel.nl\/?p=576"]}]},{"@type":"ImageObject","inLanguage":"nl-NL","@id":"https:\/\/www.matthijsvanboxsel.nl\/?p=576#primaryimage","url":"http:\/\/www.matthijsvanboxsel.nl\/wp-content\/uploads\/2020\/03\/ezellast.1-1024x419.jpeg","contentUrl":"http:\/\/www.matthijsvanboxsel.nl\/wp-content\/uploads\/2020\/03\/ezellast.1-1024x419.jpeg"},{"@type":"BreadcrumbList","@id":"https:\/\/www.matthijsvanboxsel.nl\/?p=576#breadcrumb","itemListElement":[{"@type":"ListItem","position":1,"name":"Home","item":"https:\/\/www.matthijsvanboxsel.nl\/"},{"@type":"ListItem","position":2,"name":"Vader, zoon en de heilige ezel"}]},{"@type":"WebSite","@id":"https:\/\/www.matthijsvanboxsel.nl\/#website","url":"https:\/\/www.matthijsvanboxsel.nl\/","name":"De Encyclopedie van de Domheid","description":"Matthijs van Boxsel domheid &#039;Patafysica","potentialAction":[{"@type":"SearchAction","target":{"@type":"EntryPoint","urlTemplate":"https:\/\/www.matthijsvanboxsel.nl\/?s={search_term_string}"},"query-input":{"@type":"PropertyValueSpecification","valueRequired":true,"valueName":"search_term_string"}}],"inLanguage":"nl-NL"},{"@type":"Person","@id":"https:\/\/www.matthijsvanboxsel.nl\/#\/schema\/person\/76b6318f25c2fe6f85262d9c75133096","name":"admin","image":{"@type":"ImageObject","inLanguage":"nl-NL","@id":"https:\/\/secure.gravatar.com\/avatar\/bda9128f17d34291925292264aa9d9fe70657975e05a41a33f5ab088f406d3c3?s=96&d=mm&r=g","url":"https:\/\/secure.gravatar.com\/avatar\/bda9128f17d34291925292264aa9d9fe70657975e05a41a33f5ab088f406d3c3?s=96&d=mm&r=g","contentUrl":"https:\/\/secure.gravatar.com\/avatar\/bda9128f17d34291925292264aa9d9fe70657975e05a41a33f5ab088f406d3c3?s=96&d=mm&r=g","caption":"admin"},"url":"https:\/\/www.matthijsvanboxsel.nl\/?author=1"}]}},"_links":{"self":[{"href":"https:\/\/www.matthijsvanboxsel.nl\/index.php?rest_route=\/wp\/v2\/posts\/576","targetHints":{"allow":["GET"]}}],"collection":[{"href":"https:\/\/www.matthijsvanboxsel.nl\/index.php?rest_route=\/wp\/v2\/posts"}],"about":[{"href":"https:\/\/www.matthijsvanboxsel.nl\/index.php?rest_route=\/wp\/v2\/types\/post"}],"author":[{"embeddable":true,"href":"https:\/\/www.matthijsvanboxsel.nl\/index.php?rest_route=\/wp\/v2\/users\/1"}],"replies":[{"embeddable":true,"href":"https:\/\/www.matthijsvanboxsel.nl\/index.php?rest_route=%2Fwp%2Fv2%2Fcomments&post=576"}],"version-history":[{"count":13,"href":"https:\/\/www.matthijsvanboxsel.nl\/index.php?rest_route=\/wp\/v2\/posts\/576\/revisions"}],"predecessor-version":[{"id":627,"href":"https:\/\/www.matthijsvanboxsel.nl\/index.php?rest_route=\/wp\/v2\/posts\/576\/revisions\/627"}],"wp:attachment":[{"href":"https:\/\/www.matthijsvanboxsel.nl\/index.php?rest_route=%2Fwp%2Fv2%2Fmedia&parent=576"}],"wp:term":[{"taxonomy":"category","embeddable":true,"href":"https:\/\/www.matthijsvanboxsel.nl\/index.php?rest_route=%2Fwp%2Fv2%2Fcategories&post=576"},{"taxonomy":"post_tag","embeddable":true,"href":"https:\/\/www.matthijsvanboxsel.nl\/index.php?rest_route=%2Fwp%2Fv2%2Ftags&post=576"}],"curies":[{"name":"wp","href":"https:\/\/api.w.org\/{rel}","templated":true}]}}